{"id":32482,"date":"2015-04-16T13:14:40","date_gmt":"2015-04-16T11:14:40","guid":{"rendered":"http:\/\/www.iesfuentenueva.net\/comercio-wp\/?p=32482"},"modified":"2015-04-16T13:14:40","modified_gmt":"2015-04-16T11:14:40","slug":"charla-aprende-a-financiarte","status":"publish","type":"post","link":"https:\/\/www.iesfuentenueva.net\/comercio\/charla-aprende-a-financiarte\/","title":{"rendered":"Charla: \u00abAprende a Financiarte\u00bb"},"content":{"rendered":"<p><a href=\"http:\/\/www.iesfuentenueva.net\/comercio-wp\/wp-content\/uploads\/2015\/04\/20150416_115841.jpg\"><img loading=\"lazy\" decoding=\"async\" class=\"aligncenter size-medium wp-image-32483\" src=\"http:\/\/www.iesfuentenueva.net\/comercio-wp\/wp-content\/uploads\/2015\/04\/20150416_115841-300x225.jpg\" alt=\"20150416_115841\" width=\"300\" height=\"225\" srcset=\"https:\/\/www.iesfuentenueva.net\/comercio\/wp-content\/uploads\/2015\/04\/20150416_115841-300x225.jpg 300w, https:\/\/www.iesfuentenueva.net\/comercio\/wp-content\/uploads\/2015\/04\/20150416_115841-1024x768.jpg 1024w\" sizes=\"auto, (max-width: 300px) 100vw, 300px\" \/><\/a><\/p>\n<p style=\"text-align: justify;\">\n<p>Durante el d\u00eda de hoy, se impartir\u00e1 una charla informativa sobre: \u00bb APRENDE A FINANCIARTE\u00bb. Esta charla tiene la finalidad de ayudar orientar y dar otra perspectiva al alumnado sobre los diferentes aspecto de la financiaci\u00f3n. Aprende a Financiarte\u00a0es una iniciativa de las C\u00e1maras de Comercio, con el apoyo econ\u00f3mico del Fondo Europeo de Desarrollo Regional (FEDER)\u00a0y de las propias\u00a0C\u00e1maras de Comercio de Andaluc\u00eda. \u00a0Esta plataforma que ofrece contenidos formativos y servicios de b\u00fasqueda de financiaci\u00f3n para Pymes, Emprendedores y Aut\u00f3nomos de una forma totalmente gratuita.<\/p>\n<p>Dicha plataforma nace con un doble objetivo:<\/p>\n<ul>\n<li>Facilitar el acceso a la financiaci\u00f3n de pymes, aut\u00f3nomos y emprendedores.<\/li>\n<li>Mejorar la gesti\u00f3n financiera y contable.<\/li>\n<\/ul>\n<p>Un mismo espacio que aglutina toda la oferta de financiaci\u00f3n p\u00fablica y privada que existe en Espa\u00f1a para pymes, aut\u00f3nom@s y emprendedores, a la vez que ofrece herramientas de diagn\u00f3stico para conocer su situaci\u00f3n financiera, el riesgo bancario o mejorar su posici\u00f3n negociadora con los bancos.<\/p>\n<p style=\"text-align: justify;\">Las charla va dirigida a los alumnos de los ciclos formativos y se desarrollar\u00e1 una charla a los alumnos de Grado Superior a las 12:00 horas y otra charla a los alumnos de Grado Medio a las 19:00 horas.<\/p>\n","protected":false},"excerpt":{"rendered":"<p>Durante el d\u00eda de hoy, se impartir\u00e1 una charla informativa sobre: \u00bb APRENDE A FINANCIARTE\u00bb. Esta charla tiene la finalidad de ayudar orientar y dar otra perspectiva al alumnado sobre los diferentes aspecto de la financiaci\u00f3n. Aprende a Financiarte\u00a0es una iniciativa de las C\u00e1maras de Comercio, con el apoyo econ\u00f3mico del Fondo Europeo de Desarrollo &hellip; <\/p>\n<p><a class=\"more-link btn\" href=\"https:\/\/www.iesfuentenueva.net\/comercio\/charla-aprende-a-financiarte\/\">Seguir leyendo<\/a><\/p>\n","protected":false},"author":1,"featured_media":32485,"comment_status":"open","ping_status":"closed","sticky":false,"template":"","format":"standard","meta":{"footnotes":""},"categories":[30,10],"tags":[119,121],"class_list":["post-32482","post","type-post","status-publish","format-standard","has-post-thumbnail","hentry","category-actividades","category-jornadas","tag-financiacion","tag-jornadas","item-wrap"],"_links":{"self":[{"href":"https:\/\/www.iesfuentenueva.net\/comercio\/wp-json\/wp\/v2\/posts\/32482","targetHints":{"allow":["GET"]}}],"collection":[{"href":"https:\/\/www.iesfuentenueva.net\/comercio\/wp-json\/wp\/v2\/posts"}],"about":[{"href":"https:\/\/www.iesfuentenueva.net\/comercio\/wp-json\/wp\/v2\/types\/post"}],"author":[{"embeddable":true,"href":"https:\/\/www.iesfuentenueva.net\/comercio\/wp-json\/wp\/v2\/users\/1"}],"replies":[{"embeddable":true,"href":"https:\/\/www.iesfuentenueva.net\/comercio\/wp-json\/wp\/v2\/comments?post=32482"}],"version-history":[{"count":2,"href":"https:\/\/www.iesfuentenueva.net\/comercio\/wp-json\/wp\/v2\/posts\/32482\/revisions"}],"predecessor-version":[{"id":32487,"href":"https:\/\/www.iesfuentenueva.net\/comercio\/wp-json\/wp\/v2\/posts\/32482\/revisions\/32487"}],"wp:featuredmedia":[{"embeddable":true,"href":"https:\/\/www.iesfuentenueva.net\/comercio\/wp-json\/wp\/v2\/media\/32485"}],"wp:attachment":[{"href":"https:\/\/www.iesfuentenueva.net\/comercio\/wp-json\/wp\/v2\/media?parent=32482"}],"wp:term":[{"taxonomy":"category","embeddable":true,"href":"https:\/\/www.iesfuentenueva.net\/comercio\/wp-json\/wp\/v2\/categories?post=32482"},{"taxonomy":"post_tag","embeddable":true,"href":"https:\/\/www.iesfuentenueva.net\/comercio\/wp-json\/wp\/v2\/tags?post=32482"}],"curies":[{"name":"wp","href":"https:\/\/api.w.org\/{rel}","templated":true}]}}