{"id":2169,"date":"2011-04-04T10:54:10","date_gmt":"2011-04-04T08:54:10","guid":{"rendered":"http:\/\/www.iesfuentenueva.net\/comercio-wp\/?p=2169"},"modified":"2023-01-24T21:04:31","modified_gmt":"2023-01-24T20:04:31","slug":"alumna-realiza-practicas-en-dublin","status":"publish","type":"post","link":"https:\/\/www.iesfuentenueva.net\/comercio\/alumna-realiza-practicas-en-dublin\/","title":{"rendered":"Una alumna del centro realiza el m\u00f3dulo de FCT en Dubl\u00edn"},"content":{"rendered":"<p>La alumna Rosa Ana Rodriguez Martinez, realiza el m\u00f3dulo de FCT, durante el tercer trimestre de 2011, en Dubl\u00edn. Irlanda<\/p>\n","protected":false},"excerpt":{"rendered":"<p>La alumna Rosa Ana Rodriguez Martinez, realiza el m\u00f3dulo de FCT, durante el tercer trimestre de 2011, en Dubl\u00edn. Irlanda<\/p>\n","protected":false},"author":1,"featured_media":915664,"comment_status":"open","ping_status":"closed","sticky":false,"template":"","format":"standard","meta":{"footnotes":""},"categories":[30,26,117],"tags":[92],"class_list":["post-2169","post","type-post","status-publish","format-standard","has-post-thumbnail","hentry","category-actividades","category-centro","category-movilidades","tag-erasmus","item-wrap"],"_links":{"self":[{"href":"https:\/\/www.iesfuentenueva.net\/comercio\/wp-json\/wp\/v2\/posts\/2169","targetHints":{"allow":["GET"]}}],"collection":[{"href":"https:\/\/www.iesfuentenueva.net\/comercio\/wp-json\/wp\/v2\/posts"}],"about":[{"href":"https:\/\/www.iesfuentenueva.net\/comercio\/wp-json\/wp\/v2\/types\/post"}],"author":[{"embeddable":true,"href":"https:\/\/www.iesfuentenueva.net\/comercio\/wp-json\/wp\/v2\/users\/1"}],"replies":[{"embeddable":true,"href":"https:\/\/www.iesfuentenueva.net\/comercio\/wp-json\/wp\/v2\/comments?post=2169"}],"version-history":[{"count":4,"href":"https:\/\/www.iesfuentenueva.net\/comercio\/wp-json\/wp\/v2\/posts\/2169\/revisions"}],"predecessor-version":[{"id":915665,"href":"https:\/\/www.iesfuentenueva.net\/comercio\/wp-json\/wp\/v2\/posts\/2169\/revisions\/915665"}],"wp:featuredmedia":[{"embeddable":true,"href":"https:\/\/www.iesfuentenueva.net\/comercio\/wp-json\/wp\/v2\/media\/915664"}],"wp:attachment":[{"href":"https:\/\/www.iesfuentenueva.net\/comercio\/wp-json\/wp\/v2\/media?parent=2169"}],"wp:term":[{"taxonomy":"category","embeddable":true,"href":"https:\/\/www.iesfuentenueva.net\/comercio\/wp-json\/wp\/v2\/categories?post=2169"},{"taxonomy":"post_tag","embeddable":true,"href":"https:\/\/www.iesfuentenueva.net\/comercio\/wp-json\/wp\/v2\/tags?post=2169"}],"curies":[{"name":"wp","href":"https:\/\/api.w.org\/{rel}","templated":true}]}}